{"id":1410,"date":"2022-04-15T13:39:03","date_gmt":"2022-04-15T11:39:03","guid":{"rendered":"https:\/\/www.foot.fr\/blog\/?p=1410"},"modified":"2022-04-15T13:39:04","modified_gmt":"2022-04-15T11:39:04","slug":"ballon-coupe-du-monde-2022-al-rihla","status":"publish","type":"post","link":"https:\/\/www.foot.fr\/blog\/ballon-coupe-du-monde-2022-al-rihla\/","title":{"rendered":"Ballon Coupe du Monde 2022 \u00ab\u00a0Al Rihla\u00a0\u00bb"},"content":{"rendered":"\n<p>Tous les 4 ans la m\u00eame attente \u00e0 l\u2019approche de la Coupe du Monde : \u00e0 quoi va ressembler le ballon de la reine des comp\u00e9titions ? Adidas d\u00e9voile \u201cAl Rihla\u201d, le ballon officiel de la Coupe du Monde 2022.<\/p>\n\n\n\n<p>Partenaire de la FIFA depuis d\u2019innombrables ann\u00e9es maintenant, l\u2019\u00e9quipementier allemand ne cesse d\u2019innover pour cr\u00e9er des ballons toujours plus audacieux tant au niveau technologique que visuel. Et la technologie li\u00e9e au ballon a encore franchi un cap cette ann\u00e9e avec l\u2019arriv\u00e9e du <em>Speedshell<\/em>. Ce rev\u00eatement qui comporte 20 facettes sur le ballon est l\u00e0 pour am\u00e9liorer significativement la vitesse et la stabilit\u00e9 du ballon en vol ainsi que son a\u00e9rodynamisme. Ce ballon est, selon adidas, le ballon le plus durable jamais con\u00e7u.<\/p>\n\n\n\n<figure class=\"wp-block-image size-large\"><img loading=\"lazy\" width=\"900\" height=\"506\" src=\"https:\/\/www.foot.fr\/blog\/app\/uploads\/2022\/04\/balloncdm1.jpg\" alt=\"\" class=\"wp-image-1411\" srcset=\"https:\/\/www.foot.fr\/blog\/app\/uploads\/2022\/04\/balloncdm1.jpg 900w, https:\/\/www.foot.fr\/blog\/app\/uploads\/2022\/04\/balloncdm1-300x169.jpg 300w, https:\/\/www.foot.fr\/blog\/app\/uploads\/2022\/04\/balloncdm1-768x432.jpg 768w\" sizes=\"(max-width: 900px) 100vw, 900px\" \/><\/figure>\n\n\n\n<p>Parce qu\u2019une innovation n\u2019arrive jamais seule, adidas a \u00e9galement associ\u00e9 le <em>CRT-Core<\/em> \u00e0 ce ballon. Une technologie qui permet au ballon de conserver sa forme ronde, une r\u00e9tention d\u2019air et des rebonds rapides et optimis\u00e9s.<\/p>\n\n\n\n<figure class=\"wp-block-image size-large\"><img loading=\"lazy\" width=\"900\" height=\"506\" src=\"https:\/\/www.foot.fr\/blog\/app\/uploads\/2022\/04\/balloncdm2.jpg\" alt=\"\" class=\"wp-image-1412\" srcset=\"https:\/\/www.foot.fr\/blog\/app\/uploads\/2022\/04\/balloncdm2.jpg 900w, https:\/\/www.foot.fr\/blog\/app\/uploads\/2022\/04\/balloncdm2-300x169.jpg 300w, https:\/\/www.foot.fr\/blog\/app\/uploads\/2022\/04\/balloncdm2-768x432.jpg 768w\" sizes=\"(max-width: 900px) 100vw, 900px\" \/><\/figure>\n\n\n\n<p>Concernant le design du ballon \u201cAl Rihla\u201d, adidas conserve son \u00e9ternel base blanche, ici agr\u00e9ment\u00e9e de touches de bleu, de rouge, de orange et de jaune. Ce design est cens\u00e9 rappeler les dunes et l&rsquo;architecture du pays h\u00f4te, ainsi que le drapeau Qatari. Kylian Mbapp\u00e9, Cristiano Ronaldo, Lionel Messi ou encore Pedri pourront juger ce nouveau cuir d\u00e8s les matchs amicaux pr\u00e9c\u00e9dant la Coupe du Monde qui se d\u00e9roulera en novembre et d\u00e9cembre prochain.<\/p>\n\n\n\n<figure class=\"wp-block-image size-large\"><img loading=\"lazy\" width=\"900\" height=\"506\" src=\"https:\/\/www.foot.fr\/blog\/app\/uploads\/2022\/04\/balloncdm3.jpg\" alt=\"\" class=\"wp-image-1413\" srcset=\"https:\/\/www.foot.fr\/blog\/app\/uploads\/2022\/04\/balloncdm3.jpg 900w, https:\/\/www.foot.fr\/blog\/app\/uploads\/2022\/04\/balloncdm3-300x169.jpg 300w, https:\/\/www.foot.fr\/blog\/app\/uploads\/2022\/04\/balloncdm3-768x432.jpg 768w\" sizes=\"(max-width: 900px) 100vw, 900px\" \/><\/figure>\n\n\n\n<p>Le ballon officiel de la Coupe du Monde 2022 est disponible juste <a href=\"https:\/\/www.foot.fr\/ballons-489\">ici <\/a>!<\/p>\n\n\n\n<p><\/p>\n","protected":false},"excerpt":{"rendered":"<p>Tous les 4 ans la m\u00eame attente \u00e0 l\u2019approche de la Coupe du Monde : \u00e0 quoi va ressembler le ballon de la reine des comp\u00e9titions ? Adidas d\u00e9voile \u201cAl Rihla\u201d, le ballon officiel de la Coupe du Monde 2022. ..<\/p>\n<div class=\"reading\"><a href=\"https:\/\/www.foot.fr\/blog\/ballon-coupe-du-monde-2022-al-rihla\/\">Lire la suite<\/a><\/div>\n","protected":false},"author":2,"featured_media":1414,"comment_status":"closed","ping_status":"closed","sticky":false,"template":"","format":"standard","meta":[],"categories":[1],"tags":[],"yoast_head":"<!-- This site is optimized with the Yoast SEO plugin v15.9 - https:\/\/yoast.com\/wordpress\/plugins\/seo\/ -->\n<title>Ballon Coupe du Monde 2022 &quot;Al Rihla&quot; - Blog Foot.fr<\/title>\n<meta name=\"robots\" content=\"index, follow, max-snippet:-1, max-image-preview:large, max-video-preview:-1\" \/>\n<link rel=\"canonical\" href=\"https:\/\/www.foot.fr\/blog\/ballon-coupe-du-monde-2022-al-rihla\/\" \/>\n<meta property=\"og:locale\" content=\"fr_FR\" \/>\n<meta property=\"og:type\" content=\"article\" \/>\n<meta property=\"og:title\" content=\"Ballon Coupe du Monde 2022 &quot;Al Rihla&quot; - Blog Foot.fr\" \/>\n<meta property=\"og:description\" content=\"Tous les 4 ans la m\u00eame attente \u00e0 l\u2019approche de la Coupe du Monde : \u00e0 quoi va ressembler le ballon de la reine des comp\u00e9titions ? Adidas d\u00e9voile \u201cAl Rihla\u201d, le ballon officiel de la Coupe du Monde 2022. ..Lire la suite\" \/>\n<meta property=\"og:url\" content=\"https:\/\/www.foot.fr\/blog\/ballon-coupe-du-monde-2022-al-rihla\/\" \/>\n<meta property=\"og:site_name\" content=\"Blog Foot.fr\" \/>\n<meta property=\"article:author\" content=\"https:\/\/www.facebook.com\/boutique.foot.fr\/?locale=fr_FR\" \/>\n<meta property=\"article:published_time\" content=\"2022-04-15T11:39:03+00:00\" \/>\n<meta property=\"article:modified_time\" content=\"2022-04-15T11:39:04+00:00\" \/>\n<meta property=\"og:image\" content=\"https:\/\/www.foot.fr\/blog\/app\/uploads\/2022\/04\/balloncdmimage.jpg\" \/>\n\t<meta property=\"og:image:width\" content=\"900\" \/>\n\t<meta property=\"og:image:height\" content=\"506\" \/>\n<meta name=\"twitter:card\" content=\"summary_large_image\" \/>\n<meta name=\"twitter:label1\" content=\"Est. reading time\">\n\t<meta name=\"twitter:data1\" content=\"2 minutes\">\n<script type=\"application\/ld+json\" class=\"yoast-schema-graph\">{\"@context\":\"https:\/\/schema.org\",\"@graph\":[{\"@type\":\"Organization\",\"@id\":\"https:\/\/www.foot.fr\/blog\/#organization\",\"name\":\"Foot.fr\",\"url\":\"https:\/\/www.foot.fr\/blog\/\",\"sameAs\":[],\"logo\":{\"@type\":\"ImageObject\",\"@id\":\"https:\/\/www.foot.fr\/blog\/#logo\",\"inLanguage\":\"fr-FR\",\"url\":\"\",\"caption\":\"Foot.fr\"},\"image\":{\"@id\":\"https:\/\/www.foot.fr\/blog\/#logo\"}},{\"@type\":\"WebSite\",\"@id\":\"https:\/\/www.foot.fr\/blog\/#website\",\"url\":\"https:\/\/www.foot.fr\/blog\/\",\"name\":\"Blog Foot.fr\",\"description\":\"\",\"publisher\":{\"@id\":\"https:\/\/www.foot.fr\/blog\/#organization\"},\"potentialAction\":[{\"@type\":\"SearchAction\",\"target\":\"https:\/\/www.foot.fr\/blog\/?s={search_term_string}\",\"query-input\":\"required name=search_term_string\"}],\"inLanguage\":\"fr-FR\"},{\"@type\":\"ImageObject\",\"@id\":\"https:\/\/www.foot.fr\/blog\/ballon-coupe-du-monde-2022-al-rihla\/#primaryimage\",\"inLanguage\":\"fr-FR\",\"url\":\"https:\/\/www.foot.fr\/blog\/app\/uploads\/2022\/04\/balloncdmimage.jpg\",\"width\":900,\"height\":506},{\"@type\":\"WebPage\",\"@id\":\"https:\/\/www.foot.fr\/blog\/ballon-coupe-du-monde-2022-al-rihla\/#webpage\",\"url\":\"https:\/\/www.foot.fr\/blog\/ballon-coupe-du-monde-2022-al-rihla\/\",\"name\":\"Ballon Coupe du Monde 2022 \\\"Al Rihla\\\" - Blog Foot.fr\",\"isPartOf\":{\"@id\":\"https:\/\/www.foot.fr\/blog\/#website\"},\"primaryImageOfPage\":{\"@id\":\"https:\/\/www.foot.fr\/blog\/ballon-coupe-du-monde-2022-al-rihla\/#primaryimage\"},\"datePublished\":\"2022-04-15T11:39:03+00:00\",\"dateModified\":\"2022-04-15T11:39:04+00:00\",\"breadcrumb\":{\"@id\":\"https:\/\/www.foot.fr\/blog\/ballon-coupe-du-monde-2022-al-rihla\/#breadcrumb\"},\"inLanguage\":\"fr-FR\",\"potentialAction\":[{\"@type\":\"ReadAction\",\"target\":[\"https:\/\/www.foot.fr\/blog\/ballon-coupe-du-monde-2022-al-rihla\/\"]}]},{\"@type\":\"BreadcrumbList\",\"@id\":\"https:\/\/www.foot.fr\/blog\/ballon-coupe-du-monde-2022-al-rihla\/#breadcrumb\",\"itemListElement\":[{\"@type\":\"ListItem\",\"position\":1,\"item\":{\"@type\":\"WebPage\",\"@id\":\"https:\/\/www.foot.fr\/blog\/\",\"url\":\"https:\/\/www.foot.fr\/blog\/\",\"name\":\"Home\"}},{\"@type\":\"ListItem\",\"position\":2,\"item\":{\"@type\":\"WebPage\",\"@id\":\"https:\/\/www.foot.fr\/blog\/ballon-coupe-du-monde-2022-al-rihla\/\",\"url\":\"https:\/\/www.foot.fr\/blog\/ballon-coupe-du-monde-2022-al-rihla\/\",\"name\":\"Ballon Coupe du Monde 2022 \\u00ab\\u00a0Al Rihla\\u00a0\\u00bb\"}}]},{\"@type\":\"Article\",\"@id\":\"https:\/\/www.foot.fr\/blog\/ballon-coupe-du-monde-2022-al-rihla\/#article\",\"isPartOf\":{\"@id\":\"https:\/\/www.foot.fr\/blog\/ballon-coupe-du-monde-2022-al-rihla\/#webpage\"},\"author\":{\"@id\":\"https:\/\/www.foot.fr\/blog\/#\/schema\/person\/1aada6e46ca4efb7f2965759fd1db1db\"},\"headline\":\"Ballon Coupe du Monde 2022 \\u00ab\\u00a0Al Rihla\\u00a0\\u00bb\",\"datePublished\":\"2022-04-15T11:39:03+00:00\",\"dateModified\":\"2022-04-15T11:39:04+00:00\",\"mainEntityOfPage\":{\"@id\":\"https:\/\/www.foot.fr\/blog\/ballon-coupe-du-monde-2022-al-rihla\/#webpage\"},\"publisher\":{\"@id\":\"https:\/\/www.foot.fr\/blog\/#organization\"},\"image\":{\"@id\":\"https:\/\/www.foot.fr\/blog\/ballon-coupe-du-monde-2022-al-rihla\/#primaryimage\"},\"articleSection\":\"Actualit\\u00e9\",\"inLanguage\":\"fr-FR\"},{\"@type\":\"Person\",\"@id\":\"https:\/\/www.foot.fr\/blog\/#\/schema\/person\/1aada6e46ca4efb7f2965759fd1db1db\",\"name\":\"Foot.fr\",\"image\":{\"@type\":\"ImageObject\",\"@id\":\"https:\/\/www.foot.fr\/blog\/#personlogo\",\"inLanguage\":\"fr-FR\",\"url\":\"https:\/\/secure.gravatar.com\/avatar\/1397efbb2ff1b78795c8964e6b255b93?s=96&d=mm&r=g\",\"caption\":\"Foot.fr\"},\"sameAs\":[\"https:\/\/www.foot.fr\",\"https:\/\/www.facebook.com\/boutique.foot.fr\/?locale=fr_FR\",\"https:\/\/www.instagram.com\/foot.fr\/?hl=fr\",\"https:\/\/www.youtube.com\/@FootFR\"]}]}<\/script>\n<!-- \/ Yoast SEO plugin. -->","_links":{"self":[{"href":"https:\/\/www.foot.fr\/blog\/wp-json\/wp\/v2\/posts\/1410"}],"collection":[{"href":"https:\/\/www.foot.fr\/blog\/wp-json\/wp\/v2\/posts"}],"about":[{"href":"https:\/\/www.foot.fr\/blog\/wp-json\/wp\/v2\/types\/post"}],"author":[{"embeddable":true,"href":"https:\/\/www.foot.fr\/blog\/wp-json\/wp\/v2\/users\/2"}],"replies":[{"embeddable":true,"href":"https:\/\/www.foot.fr\/blog\/wp-json\/wp\/v2\/comments?post=1410"}],"version-history":[{"count":1,"href":"https:\/\/www.foot.fr\/blog\/wp-json\/wp\/v2\/posts\/1410\/revisions"}],"predecessor-version":[{"id":1415,"href":"https:\/\/www.foot.fr\/blog\/wp-json\/wp\/v2\/posts\/1410\/revisions\/1415"}],"wp:featuredmedia":[{"embeddable":true,"href":"https:\/\/www.foot.fr\/blog\/wp-json\/wp\/v2\/media\/1414"}],"wp:attachment":[{"href":"https:\/\/www.foot.fr\/blog\/wp-json\/wp\/v2\/media?parent=1410"}],"wp:term":[{"taxonomy":"category","embeddable":true,"href":"https:\/\/www.foot.fr\/blog\/wp-json\/wp\/v2\/categories?post=1410"},{"taxonomy":"post_tag","embeddable":true,"href":"https:\/\/www.foot.fr\/blog\/wp-json\/wp\/v2\/tags?post=1410"}],"curies":[{"name":"wp","href":"https:\/\/api.w.org\/{rel}","templated":true}]}}