{"id":1428,"date":"2022-05-30T13:33:51","date_gmt":"2022-05-30T11:33:51","guid":{"rendered":"https:\/\/www.foot.fr\/blog\/?p=1428"},"modified":"2022-05-30T13:33:52","modified_gmt":"2022-05-30T11:33:52","slug":"maillot-domicile-real-madrid-2022-23","status":"publish","type":"post","link":"https:\/\/www.foot.fr\/blog\/maillot-domicile-real-madrid-2022-23\/","title":{"rendered":"Maillot domicile Real Madrid 2022\/23"},"content":{"rendered":"\n<p>A la veille de sa finale de Ligue des Champions,\u00a0le Real Madrid d\u00e9voile son nouveau maillot domicile pour la saison prochaine.<\/p>\n\n\n\n<figure class=\"wp-block-image size-large\"><img loading=\"lazy\" width=\"900\" height=\"506\" src=\"https:\/\/www.foot.fr\/blog\/app\/uploads\/2022\/05\/real3.jpg\" alt=\"\" class=\"wp-image-1429\" srcset=\"https:\/\/www.foot.fr\/blog\/app\/uploads\/2022\/05\/real3.jpg 900w, https:\/\/www.foot.fr\/blog\/app\/uploads\/2022\/05\/real3-300x169.jpg 300w, https:\/\/www.foot.fr\/blog\/app\/uploads\/2022\/05\/real3-768x432.jpg 768w\" sizes=\"(max-width: 900px) 100vw, 900px\" \/><\/figure>\n\n\n\n<p>Le club Madril\u00e8ne f\u00eate cette ann\u00e9e ces 120 ans d\u2019existence et adidas a d\u00e9cid\u00e9 de rendre un bel hommage aux Blancos avec un maillot style r\u00e9tro qui rappellera aux plus anciens les belles ann\u00e9es 90\/2000. Une tenue \u00e9videmment blanche avec un style \u00ab\u00a0r\u00e9tro\u00a0\u00bb, agr\u00e9ment\u00e9e d\u2019un col \u00e0 boutons et de liser\u00e9s violets sur celui-ci et sur les bandes des \u00e9paules. Le logo du club est en filigrane sur tout le maillot et l\u2019inscription \u00ab\u00a0120 anos\u00a0\u00bb dans le col. Mais ce n\u2019est pas tout\u00a0: adidas et le club sont all\u00e9s jusqu\u2019\u00e0 reprendre le c\u00e9l\u00e8bre flocage du d\u00e9but des ann\u00e9es 2000 pour ce nouveau maillot.<\/p>\n\n\n\n<figure class=\"wp-block-image size-large\"><img loading=\"lazy\" width=\"900\" height=\"506\" src=\"https:\/\/www.foot.fr\/blog\/app\/uploads\/2022\/05\/real1.jpg\" alt=\"\" class=\"wp-image-1430\" srcset=\"https:\/\/www.foot.fr\/blog\/app\/uploads\/2022\/05\/real1.jpg 900w, https:\/\/www.foot.fr\/blog\/app\/uploads\/2022\/05\/real1-300x169.jpg 300w, https:\/\/www.foot.fr\/blog\/app\/uploads\/2022\/05\/real1-768x432.jpg 768w\" sizes=\"(max-width: 900px) 100vw, 900px\" \/><\/figure>\n\n\n\n<p>Des grands noms ont fait l\u2019Histoire du Real\u00a0: Zidane, Raul, Cristiano Ronaldo .. C\u2019est au tour de Karim Benzema et Vinicius de perdurer la tradition victorieuse des Merengues dans cette nouvelle tenue historique. Ce maillot est d\u00e9j\u00e0 disponible sur la boutique Foot.fr en cliquant juste <a href=\"https:\/\/www.foot.fr\/real-madrid-586\">ici\u00a0<\/a>!<\/p>\n","protected":false},"excerpt":{"rendered":"<p>A la veille de sa finale de Ligue des Champions,\u00a0le Real Madrid d\u00e9voile son nouveau maillot domicile pour la saison prochaine. Le club Madril\u00e8ne f\u00eate cette ann\u00e9e ces 120 ans d\u2019existence et adidas a d\u00e9cid\u00e9 de rendre un bel hommage ..<\/p>\n<div class=\"reading\"><a href=\"https:\/\/www.foot.fr\/blog\/maillot-domicile-real-madrid-2022-23\/\">Lire la suite<\/a><\/div>\n","protected":false},"author":2,"featured_media":1431,"comment_status":"closed","ping_status":"closed","sticky":false,"template":"","format":"standard","meta":[],"categories":[1],"tags":[],"yoast_head":"<!-- This site is optimized with the Yoast SEO plugin v15.9 - https:\/\/yoast.com\/wordpress\/plugins\/seo\/ -->\n<title>Maillot domicile Real Madrid 2022\/23 - Blog Foot.fr<\/title>\n<meta name=\"robots\" content=\"index, follow, max-snippet:-1, max-image-preview:large, max-video-preview:-1\" \/>\n<link rel=\"canonical\" href=\"https:\/\/www.foot.fr\/blog\/maillot-domicile-real-madrid-2022-23\/\" \/>\n<meta property=\"og:locale\" content=\"fr_FR\" \/>\n<meta property=\"og:type\" content=\"article\" \/>\n<meta property=\"og:title\" content=\"Maillot domicile Real Madrid 2022\/23 - Blog Foot.fr\" \/>\n<meta property=\"og:description\" content=\"A la veille de sa finale de Ligue des Champions,\u00a0le Real Madrid d\u00e9voile son nouveau maillot domicile pour la saison prochaine. Le club Madril\u00e8ne f\u00eate cette ann\u00e9e ces 120 ans d\u2019existence et adidas a d\u00e9cid\u00e9 de rendre un bel hommage ..Lire la suite\" \/>\n<meta property=\"og:url\" content=\"https:\/\/www.foot.fr\/blog\/maillot-domicile-real-madrid-2022-23\/\" \/>\n<meta property=\"og:site_name\" content=\"Blog Foot.fr\" \/>\n<meta property=\"article:author\" content=\"https:\/\/www.facebook.com\/boutique.foot.fr\/?locale=fr_FR\" \/>\n<meta property=\"article:published_time\" content=\"2022-05-30T11:33:51+00:00\" \/>\n<meta property=\"article:modified_time\" content=\"2022-05-30T11:33:52+00:00\" \/>\n<meta property=\"og:image\" content=\"https:\/\/www.foot.fr\/blog\/app\/uploads\/2022\/05\/real2.jpg\" \/>\n\t<meta property=\"og:image:width\" content=\"900\" \/>\n\t<meta property=\"og:image:height\" content=\"506\" \/>\n<meta name=\"twitter:card\" content=\"summary_large_image\" \/>\n<meta name=\"twitter:label1\" content=\"Est. reading time\">\n\t<meta name=\"twitter:data1\" content=\"2 minutes\">\n<script type=\"application\/ld+json\" class=\"yoast-schema-graph\">{\"@context\":\"https:\/\/schema.org\",\"@graph\":[{\"@type\":\"Organization\",\"@id\":\"https:\/\/www.foot.fr\/blog\/#organization\",\"name\":\"Foot.fr\",\"url\":\"https:\/\/www.foot.fr\/blog\/\",\"sameAs\":[],\"logo\":{\"@type\":\"ImageObject\",\"@id\":\"https:\/\/www.foot.fr\/blog\/#logo\",\"inLanguage\":\"fr-FR\",\"url\":\"\",\"caption\":\"Foot.fr\"},\"image\":{\"@id\":\"https:\/\/www.foot.fr\/blog\/#logo\"}},{\"@type\":\"WebSite\",\"@id\":\"https:\/\/www.foot.fr\/blog\/#website\",\"url\":\"https:\/\/www.foot.fr\/blog\/\",\"name\":\"Blog Foot.fr\",\"description\":\"\",\"publisher\":{\"@id\":\"https:\/\/www.foot.fr\/blog\/#organization\"},\"potentialAction\":[{\"@type\":\"SearchAction\",\"target\":\"https:\/\/www.foot.fr\/blog\/?s={search_term_string}\",\"query-input\":\"required name=search_term_string\"}],\"inLanguage\":\"fr-FR\"},{\"@type\":\"ImageObject\",\"@id\":\"https:\/\/www.foot.fr\/blog\/maillot-domicile-real-madrid-2022-23\/#primaryimage\",\"inLanguage\":\"fr-FR\",\"url\":\"https:\/\/www.foot.fr\/blog\/app\/uploads\/2022\/05\/real2.jpg\",\"width\":900,\"height\":506},{\"@type\":\"WebPage\",\"@id\":\"https:\/\/www.foot.fr\/blog\/maillot-domicile-real-madrid-2022-23\/#webpage\",\"url\":\"https:\/\/www.foot.fr\/blog\/maillot-domicile-real-madrid-2022-23\/\",\"name\":\"Maillot domicile Real Madrid 2022\/23 - Blog Foot.fr\",\"isPartOf\":{\"@id\":\"https:\/\/www.foot.fr\/blog\/#website\"},\"primaryImageOfPage\":{\"@id\":\"https:\/\/www.foot.fr\/blog\/maillot-domicile-real-madrid-2022-23\/#primaryimage\"},\"datePublished\":\"2022-05-30T11:33:51+00:00\",\"dateModified\":\"2022-05-30T11:33:52+00:00\",\"breadcrumb\":{\"@id\":\"https:\/\/www.foot.fr\/blog\/maillot-domicile-real-madrid-2022-23\/#breadcrumb\"},\"inLanguage\":\"fr-FR\",\"potentialAction\":[{\"@type\":\"ReadAction\",\"target\":[\"https:\/\/www.foot.fr\/blog\/maillot-domicile-real-madrid-2022-23\/\"]}]},{\"@type\":\"BreadcrumbList\",\"@id\":\"https:\/\/www.foot.fr\/blog\/maillot-domicile-real-madrid-2022-23\/#breadcrumb\",\"itemListElement\":[{\"@type\":\"ListItem\",\"position\":1,\"item\":{\"@type\":\"WebPage\",\"@id\":\"https:\/\/www.foot.fr\/blog\/\",\"url\":\"https:\/\/www.foot.fr\/blog\/\",\"name\":\"Home\"}},{\"@type\":\"ListItem\",\"position\":2,\"item\":{\"@type\":\"WebPage\",\"@id\":\"https:\/\/www.foot.fr\/blog\/maillot-domicile-real-madrid-2022-23\/\",\"url\":\"https:\/\/www.foot.fr\/blog\/maillot-domicile-real-madrid-2022-23\/\",\"name\":\"Maillot domicile Real Madrid 2022\/23\"}}]},{\"@type\":\"Article\",\"@id\":\"https:\/\/www.foot.fr\/blog\/maillot-domicile-real-madrid-2022-23\/#article\",\"isPartOf\":{\"@id\":\"https:\/\/www.foot.fr\/blog\/maillot-domicile-real-madrid-2022-23\/#webpage\"},\"author\":{\"@id\":\"https:\/\/www.foot.fr\/blog\/#\/schema\/person\/1aada6e46ca4efb7f2965759fd1db1db\"},\"headline\":\"Maillot domicile Real Madrid 2022\/23\",\"datePublished\":\"2022-05-30T11:33:51+00:00\",\"dateModified\":\"2022-05-30T11:33:52+00:00\",\"mainEntityOfPage\":{\"@id\":\"https:\/\/www.foot.fr\/blog\/maillot-domicile-real-madrid-2022-23\/#webpage\"},\"publisher\":{\"@id\":\"https:\/\/www.foot.fr\/blog\/#organization\"},\"image\":{\"@id\":\"https:\/\/www.foot.fr\/blog\/maillot-domicile-real-madrid-2022-23\/#primaryimage\"},\"articleSection\":\"Actualit\\u00e9\",\"inLanguage\":\"fr-FR\"},{\"@type\":\"Person\",\"@id\":\"https:\/\/www.foot.fr\/blog\/#\/schema\/person\/1aada6e46ca4efb7f2965759fd1db1db\",\"name\":\"Foot.fr\",\"image\":{\"@type\":\"ImageObject\",\"@id\":\"https:\/\/www.foot.fr\/blog\/#personlogo\",\"inLanguage\":\"fr-FR\",\"url\":\"https:\/\/secure.gravatar.com\/avatar\/1397efbb2ff1b78795c8964e6b255b93?s=96&d=mm&r=g\",\"caption\":\"Foot.fr\"},\"sameAs\":[\"https:\/\/www.foot.fr\",\"https:\/\/www.facebook.com\/boutique.foot.fr\/?locale=fr_FR\",\"https:\/\/www.instagram.com\/foot.fr\/?hl=fr\",\"https:\/\/www.youtube.com\/@FootFR\"]}]}<\/script>\n<!-- \/ Yoast SEO plugin. -->","_links":{"self":[{"href":"https:\/\/www.foot.fr\/blog\/wp-json\/wp\/v2\/posts\/1428"}],"collection":[{"href":"https:\/\/www.foot.fr\/blog\/wp-json\/wp\/v2\/posts"}],"about":[{"href":"https:\/\/www.foot.fr\/blog\/wp-json\/wp\/v2\/types\/post"}],"author":[{"embeddable":true,"href":"https:\/\/www.foot.fr\/blog\/wp-json\/wp\/v2\/users\/2"}],"replies":[{"embeddable":true,"href":"https:\/\/www.foot.fr\/blog\/wp-json\/wp\/v2\/comments?post=1428"}],"version-history":[{"count":1,"href":"https:\/\/www.foot.fr\/blog\/wp-json\/wp\/v2\/posts\/1428\/revisions"}],"predecessor-version":[{"id":1432,"href":"https:\/\/www.foot.fr\/blog\/wp-json\/wp\/v2\/posts\/1428\/revisions\/1432"}],"wp:featuredmedia":[{"embeddable":true,"href":"https:\/\/www.foot.fr\/blog\/wp-json\/wp\/v2\/media\/1431"}],"wp:attachment":[{"href":"https:\/\/www.foot.fr\/blog\/wp-json\/wp\/v2\/media?parent=1428"}],"wp:term":[{"taxonomy":"category","embeddable":true,"href":"https:\/\/www.foot.fr\/blog\/wp-json\/wp\/v2\/categories?post=1428"},{"taxonomy":"post_tag","embeddable":true,"href":"https:\/\/www.foot.fr\/blog\/wp-json\/wp\/v2\/tags?post=1428"}],"curies":[{"name":"wp","href":"https:\/\/api.w.org\/{rel}","templated":true}]}}