{"id":1556,"date":"2025-03-28T10:31:39","date_gmt":"2025-03-28T09:31:39","guid":{"rendered":"https:\/\/www.foot.fr\/blog\/?p=1556"},"modified":"2025-03-28T10:31:39","modified_gmt":"2025-03-28T09:31:39","slug":"le-celestial-victory-pack-nouvelle-pepite-dadidas","status":"publish","type":"post","link":"https:\/\/www.foot.fr\/blog\/le-celestial-victory-pack-nouvelle-pepite-dadidas\/","title":{"rendered":"Le Celestial Victory Pack, nouvelle p\u00e9pite d&rsquo;adidas"},"content":{"rendered":"\n<p>Hier a marqu\u00e9 le lancement du nouveau pack \u00ab\u00a0Celestial Victory\u00a0\u00bb d&rsquo;adidas, une collection \u00e9blouissante qui promet de red\u00e9finir l&rsquo;exp\u00e9rience sur le terrain. Ce pack exclusif se compose des trois mod\u00e8les embl\u00e9matiques revisit\u00e9s avec une esth\u00e9tique c\u00e9leste.<\/p>\n\n\n\n<p><br><a href=\"https:\/\/www.foot.fr\/adidas\/adidas-f50-elite-fg-bleu-rose-32852.html\">La F50<\/a>, connue pour sa l\u00e9g\u00e8ret\u00e9 et sa vitesse, arbore d\u00e9sormais une robe bleu et rose, parsem\u00e9e de touches de jaune fluo \u00e9voquant la brillance des \u00e9toiles. <a href=\"https:\/\/www.foot.fr\/adidas\/adidas-copa-pure-iii-elite-fg-gris-bleu-32847.html\">La Copa III<\/a>, avec son confort in\u00e9gal\u00e9 et son toucher de balle exceptionnel, se pare d&rsquo;un gris nuit profond, rappelant la s\u00e9r\u00e9nit\u00e9 de l&rsquo;espace, associ\u00e9 \u00e0 un bleu tirant vers le gris \u00e9galement. Enfin, <a href=\"https:\/\/www.foot.fr\/adidas\/adidas-predator-elite-ft-fg-blanc-rose-32884.html\">la Predator<\/a>, symbole de contr\u00f4le et de puissance, d&rsquo;un blanc immacul\u00e9 avec les bandes roses flashy et des d\u00e9tails jaunes.<\/p>\n\n\n\n<p><br>Chaque chaussure de ce pack \u00ab\u00a0Celestial Victory\u00a0\u00bb est con\u00e7ue pour offrir des performances optimales, tout en arborant un design qui ne manquera pas de faire sensation sur tous les terrains. Que vous soyez un attaquant rapide, un milieu de terrain cr\u00e9atif ou un d\u00e9fenseur solide, vous trouverez votre bonheur dans cette collection.<\/p>\n\n\n\n<p><br>A l&rsquo;instar de ces derniers packs, la marque allemande s\u00e9lectionne un certains nombres de joueurs pour accentuer la visibilit\u00e9 sur les terrains chaque week-end. Pour ce pack on retrouve entre autres Jude Bellingham et Pedri pour la Predator, Barcola ou Kvaratskhelia pour la F50 ou encore Declan Rice pour la Copa III.<br><br>Retrouvez toutes les nouvelles paires <a href=\"https:\/\/www.foot.fr\/adidas-262?foot2_product_fr_1%5BrefinementList%5D%5Bid_f_41%5D%5B0%5D=adidas%20Celestial%20Victory\">d\u00e8s maintenant sur Foot.fr<\/a> !<\/p>\n","protected":false},"excerpt":{"rendered":"<p>Hier a marqu\u00e9 le lancement du nouveau pack \u00ab\u00a0Celestial Victory\u00a0\u00bb d&rsquo;adidas, une collection \u00e9blouissante qui promet de red\u00e9finir l&rsquo;exp\u00e9rience sur le terrain. Ce pack exclusif se compose des trois mod\u00e8les embl\u00e9matiques revisit\u00e9s avec une esth\u00e9tique c\u00e9leste. La F50, connue pour ..<\/p>\n<div class=\"reading\"><a href=\"https:\/\/www.foot.fr\/blog\/le-celestial-victory-pack-nouvelle-pepite-dadidas\/\">Lire la suite<\/a><\/div>\n","protected":false},"author":2,"featured_media":1557,"comment_status":"closed","ping_status":"closed","sticky":false,"template":"","format":"standard","meta":[],"categories":[1],"tags":[],"yoast_head":"<!-- This site is optimized with the Yoast SEO plugin v15.9 - https:\/\/yoast.com\/wordpress\/plugins\/seo\/ -->\n<title>Le Celestial Victory Pack, nouvelle p\u00e9pite d&#039;adidas - Blog Foot.fr<\/title>\n<meta name=\"robots\" content=\"index, follow, max-snippet:-1, max-image-preview:large, max-video-preview:-1\" \/>\n<link rel=\"canonical\" href=\"https:\/\/www.foot.fr\/blog\/le-celestial-victory-pack-nouvelle-pepite-dadidas\/\" \/>\n<meta property=\"og:locale\" content=\"fr_FR\" \/>\n<meta property=\"og:type\" content=\"article\" \/>\n<meta property=\"og:title\" content=\"Le Celestial Victory Pack, nouvelle p\u00e9pite d&#039;adidas - Blog Foot.fr\" \/>\n<meta property=\"og:description\" content=\"Hier a marqu\u00e9 le lancement du nouveau pack \u00ab\u00a0Celestial Victory\u00a0\u00bb d&rsquo;adidas, une collection \u00e9blouissante qui promet de red\u00e9finir l&rsquo;exp\u00e9rience sur le terrain. Ce pack exclusif se compose des trois mod\u00e8les embl\u00e9matiques revisit\u00e9s avec une esth\u00e9tique c\u00e9leste. La F50, connue pour ..Lire la suite\" \/>\n<meta property=\"og:url\" content=\"https:\/\/www.foot.fr\/blog\/le-celestial-victory-pack-nouvelle-pepite-dadidas\/\" \/>\n<meta property=\"og:site_name\" content=\"Blog Foot.fr\" \/>\n<meta property=\"article:author\" content=\"https:\/\/www.facebook.com\/boutique.foot.fr\/?locale=fr_FR\" \/>\n<meta property=\"article:published_time\" content=\"2025-03-28T09:31:39+00:00\" \/>\n<meta property=\"og:image\" content=\"https:\/\/www.foot.fr\/blog\/app\/uploads\/2025\/03\/IMG_1043.jpg\" \/>\n\t<meta property=\"og:image:width\" content=\"1170\" \/>\n\t<meta property=\"og:image:height\" content=\"1262\" \/>\n<meta name=\"twitter:card\" content=\"summary_large_image\" \/>\n<meta name=\"twitter:label1\" content=\"Est. reading time\">\n\t<meta name=\"twitter:data1\" content=\"2 minutes\">\n<script type=\"application\/ld+json\" class=\"yoast-schema-graph\">{\"@context\":\"https:\/\/schema.org\",\"@graph\":[{\"@type\":\"Organization\",\"@id\":\"https:\/\/www.foot.fr\/blog\/#organization\",\"name\":\"Foot.fr\",\"url\":\"https:\/\/www.foot.fr\/blog\/\",\"sameAs\":[],\"logo\":{\"@type\":\"ImageObject\",\"@id\":\"https:\/\/www.foot.fr\/blog\/#logo\",\"inLanguage\":\"fr-FR\",\"url\":\"\",\"caption\":\"Foot.fr\"},\"image\":{\"@id\":\"https:\/\/www.foot.fr\/blog\/#logo\"}},{\"@type\":\"WebSite\",\"@id\":\"https:\/\/www.foot.fr\/blog\/#website\",\"url\":\"https:\/\/www.foot.fr\/blog\/\",\"name\":\"Blog Foot.fr\",\"description\":\"\",\"publisher\":{\"@id\":\"https:\/\/www.foot.fr\/blog\/#organization\"},\"potentialAction\":[{\"@type\":\"SearchAction\",\"target\":\"https:\/\/www.foot.fr\/blog\/?s={search_term_string}\",\"query-input\":\"required name=search_term_string\"}],\"inLanguage\":\"fr-FR\"},{\"@type\":\"ImageObject\",\"@id\":\"https:\/\/www.foot.fr\/blog\/le-celestial-victory-pack-nouvelle-pepite-dadidas\/#primaryimage\",\"inLanguage\":\"fr-FR\",\"url\":\"https:\/\/www.foot.fr\/blog\/app\/uploads\/2025\/03\/IMG_1043.jpg\",\"width\":1170,\"height\":1262,\"caption\":\"adidas Celestial Victory\"},{\"@type\":\"WebPage\",\"@id\":\"https:\/\/www.foot.fr\/blog\/le-celestial-victory-pack-nouvelle-pepite-dadidas\/#webpage\",\"url\":\"https:\/\/www.foot.fr\/blog\/le-celestial-victory-pack-nouvelle-pepite-dadidas\/\",\"name\":\"Le Celestial Victory Pack, nouvelle p\\u00e9pite d'adidas - Blog Foot.fr\",\"isPartOf\":{\"@id\":\"https:\/\/www.foot.fr\/blog\/#website\"},\"primaryImageOfPage\":{\"@id\":\"https:\/\/www.foot.fr\/blog\/le-celestial-victory-pack-nouvelle-pepite-dadidas\/#primaryimage\"},\"datePublished\":\"2025-03-28T09:31:39+00:00\",\"dateModified\":\"2025-03-28T09:31:39+00:00\",\"breadcrumb\":{\"@id\":\"https:\/\/www.foot.fr\/blog\/le-celestial-victory-pack-nouvelle-pepite-dadidas\/#breadcrumb\"},\"inLanguage\":\"fr-FR\",\"potentialAction\":[{\"@type\":\"ReadAction\",\"target\":[\"https:\/\/www.foot.fr\/blog\/le-celestial-victory-pack-nouvelle-pepite-dadidas\/\"]}]},{\"@type\":\"BreadcrumbList\",\"@id\":\"https:\/\/www.foot.fr\/blog\/le-celestial-victory-pack-nouvelle-pepite-dadidas\/#breadcrumb\",\"itemListElement\":[{\"@type\":\"ListItem\",\"position\":1,\"item\":{\"@type\":\"WebPage\",\"@id\":\"https:\/\/www.foot.fr\/blog\/\",\"url\":\"https:\/\/www.foot.fr\/blog\/\",\"name\":\"Home\"}},{\"@type\":\"ListItem\",\"position\":2,\"item\":{\"@type\":\"WebPage\",\"@id\":\"https:\/\/www.foot.fr\/blog\/le-celestial-victory-pack-nouvelle-pepite-dadidas\/\",\"url\":\"https:\/\/www.foot.fr\/blog\/le-celestial-victory-pack-nouvelle-pepite-dadidas\/\",\"name\":\"Le Celestial Victory Pack, nouvelle p\\u00e9pite d&rsquo;adidas\"}}]},{\"@type\":\"Article\",\"@id\":\"https:\/\/www.foot.fr\/blog\/le-celestial-victory-pack-nouvelle-pepite-dadidas\/#article\",\"isPartOf\":{\"@id\":\"https:\/\/www.foot.fr\/blog\/le-celestial-victory-pack-nouvelle-pepite-dadidas\/#webpage\"},\"author\":{\"@id\":\"https:\/\/www.foot.fr\/blog\/#\/schema\/person\/1aada6e46ca4efb7f2965759fd1db1db\"},\"headline\":\"Le Celestial Victory Pack, nouvelle p\\u00e9pite d&rsquo;adidas\",\"datePublished\":\"2025-03-28T09:31:39+00:00\",\"dateModified\":\"2025-03-28T09:31:39+00:00\",\"mainEntityOfPage\":{\"@id\":\"https:\/\/www.foot.fr\/blog\/le-celestial-victory-pack-nouvelle-pepite-dadidas\/#webpage\"},\"publisher\":{\"@id\":\"https:\/\/www.foot.fr\/blog\/#organization\"},\"image\":{\"@id\":\"https:\/\/www.foot.fr\/blog\/le-celestial-victory-pack-nouvelle-pepite-dadidas\/#primaryimage\"},\"articleSection\":\"Actualit\\u00e9\",\"inLanguage\":\"fr-FR\"},{\"@type\":\"Person\",\"@id\":\"https:\/\/www.foot.fr\/blog\/#\/schema\/person\/1aada6e46ca4efb7f2965759fd1db1db\",\"name\":\"Foot.fr\",\"image\":{\"@type\":\"ImageObject\",\"@id\":\"https:\/\/www.foot.fr\/blog\/#personlogo\",\"inLanguage\":\"fr-FR\",\"url\":\"https:\/\/secure.gravatar.com\/avatar\/1397efbb2ff1b78795c8964e6b255b93?s=96&d=mm&r=g\",\"caption\":\"Foot.fr\"},\"sameAs\":[\"https:\/\/www.foot.fr\",\"https:\/\/www.facebook.com\/boutique.foot.fr\/?locale=fr_FR\",\"https:\/\/www.instagram.com\/foot.fr\/?hl=fr\",\"https:\/\/www.youtube.com\/@FootFR\"]}]}<\/script>\n<!-- \/ Yoast SEO plugin. -->","_links":{"self":[{"href":"https:\/\/www.foot.fr\/blog\/wp-json\/wp\/v2\/posts\/1556"}],"collection":[{"href":"https:\/\/www.foot.fr\/blog\/wp-json\/wp\/v2\/posts"}],"about":[{"href":"https:\/\/www.foot.fr\/blog\/wp-json\/wp\/v2\/types\/post"}],"author":[{"embeddable":true,"href":"https:\/\/www.foot.fr\/blog\/wp-json\/wp\/v2\/users\/2"}],"replies":[{"embeddable":true,"href":"https:\/\/www.foot.fr\/blog\/wp-json\/wp\/v2\/comments?post=1556"}],"version-history":[{"count":1,"href":"https:\/\/www.foot.fr\/blog\/wp-json\/wp\/v2\/posts\/1556\/revisions"}],"predecessor-version":[{"id":1558,"href":"https:\/\/www.foot.fr\/blog\/wp-json\/wp\/v2\/posts\/1556\/revisions\/1558"}],"wp:featuredmedia":[{"embeddable":true,"href":"https:\/\/www.foot.fr\/blog\/wp-json\/wp\/v2\/media\/1557"}],"wp:attachment":[{"href":"https:\/\/www.foot.fr\/blog\/wp-json\/wp\/v2\/media?parent=1556"}],"wp:term":[{"taxonomy":"category","embeddable":true,"href":"https:\/\/www.foot.fr\/blog\/wp-json\/wp\/v2\/categories?post=1556"},{"taxonomy":"post_tag","embeddable":true,"href":"https:\/\/www.foot.fr\/blog\/wp-json\/wp\/v2\/tags?post=1556"}],"curies":[{"name":"wp","href":"https:\/\/api.w.org\/{rel}","templated":true}]}}