{"id":1585,"date":"2025-05-02T14:11:40","date_gmt":"2025-05-02T12:11:40","guid":{"rendered":"https:\/\/www.foot.fr\/blog\/?p=1585"},"modified":"2025-05-02T14:11:40","modified_gmt":"2025-05-02T12:11:40","slug":"adidas-devoile-sa-nouvelle-predator-dediee-a-jude-bellingham","status":"publish","type":"post","link":"https:\/\/www.foot.fr\/blog\/adidas-devoile-sa-nouvelle-predator-dediee-a-jude-bellingham\/","title":{"rendered":"adidas d\u00e9voile sa nouvelle Predator d\u00e9di\u00e9e \u00e0 Jude Bellingham"},"content":{"rendered":"\n<p>Inspir\u00e9es par le talent de Jude Bellingham, ces chaussures combinent un design \u00e9l\u00e9gant aux teintes argent\u00e9es avec des technologies de pointe pour offrir des performances optimales sur le terrain.<\/p>\n\n\n\n<figure class=\"wp-block-image size-large\"><img loading=\"lazy\" width=\"1024\" height=\"1013\" src=\"https:\/\/www.foot.fr\/blog\/app\/uploads\/2025\/05\/IMG_2010-1024x1013.jpg\" alt=\"\" class=\"wp-image-1586\" srcset=\"https:\/\/www.foot.fr\/blog\/app\/uploads\/2025\/05\/IMG_2010-1024x1013.jpg 1024w, https:\/\/www.foot.fr\/blog\/app\/uploads\/2025\/05\/IMG_2010-300x297.jpg 300w, https:\/\/www.foot.fr\/blog\/app\/uploads\/2025\/05\/IMG_2010-768x760.jpg 768w, https:\/\/www.foot.fr\/blog\/app\/uploads\/2025\/05\/IMG_2010.jpg 1170w\" sizes=\"(max-width: 1024px) 100vw, 1024px\" \/><\/figure>\n\n\n\n<p><br><a href=\"https:\/\/www.foot.fr\/predator\/adidas-predator-elite-jude-bellingham-ft-fg-gris-rouge-33340.html\">Les Predator Bellingham<\/a>, qui se distinguent entre autre par leur tige en cuir (version FT) d&rsquo;une couleur pourpre, offrent un toucher de balle exceptionnel et un confort durable. La tige Strikeskin est quant \u00e0 elle totalement argent\u00e9e pour briller \u00e0 n&rsquo;importe quel moment sur le terrain. La semelle ext\u00e9rieure est con\u00e7ue pour une adh\u00e9rence maximale, permettant des mouvements rapides et pr\u00e9cis. De plus, des d\u00e9tails subtils rendent hommage au joueur anglais : ses initiales sont appos\u00e9es sur la languette tandis que sur sur le talon on retrouve sa c\u00e9l\u00e9bration d\u00e9sormais iconique.<\/p>\n\n\n\n<p><br>Que vous soyez un joueur professionnel ou un amateur passionn\u00e9, les <a href=\"https:\/\/www.foot.fr\/predator\/adidas-predator-elite-jude-bellingham-ft-fg-gris-rouge-33340.html\">adidas Predator FT Bellingham<\/a> sont un excellent choix pour am\u00e9liorer votre jeu et briller sur les pelouses.<\/p>\n","protected":false},"excerpt":{"rendered":"<p>Inspir\u00e9es par le talent de Jude Bellingham, ces chaussures combinent un design \u00e9l\u00e9gant aux teintes argent\u00e9es avec des technologies de pointe pour offrir des performances optimales sur le terrain. Les Predator Bellingham, qui se distinguent entre autre par leur tige ..<\/p>\n<div class=\"reading\"><a href=\"https:\/\/www.foot.fr\/blog\/adidas-devoile-sa-nouvelle-predator-dediee-a-jude-bellingham\/\">Lire la suite<\/a><\/div>\n","protected":false},"author":2,"featured_media":1587,"comment_status":"closed","ping_status":"closed","sticky":false,"template":"","format":"standard","meta":[],"categories":[1],"tags":[],"yoast_head":"<!-- This site is optimized with the Yoast SEO plugin v15.9 - https:\/\/yoast.com\/wordpress\/plugins\/seo\/ -->\n<title>adidas d\u00e9voile sa nouvelle Predator d\u00e9di\u00e9e \u00e0 Jude Bellingham - Blog Foot.fr<\/title>\n<meta name=\"robots\" content=\"index, follow, max-snippet:-1, max-image-preview:large, max-video-preview:-1\" \/>\n<link rel=\"canonical\" href=\"https:\/\/www.foot.fr\/blog\/adidas-devoile-sa-nouvelle-predator-dediee-a-jude-bellingham\/\" \/>\n<meta property=\"og:locale\" content=\"fr_FR\" \/>\n<meta property=\"og:type\" content=\"article\" \/>\n<meta property=\"og:title\" content=\"adidas d\u00e9voile sa nouvelle Predator d\u00e9di\u00e9e \u00e0 Jude Bellingham - Blog Foot.fr\" \/>\n<meta property=\"og:description\" content=\"Inspir\u00e9es par le talent de Jude Bellingham, ces chaussures combinent un design \u00e9l\u00e9gant aux teintes argent\u00e9es avec des technologies de pointe pour offrir des performances optimales sur le terrain. Les Predator Bellingham, qui se distinguent entre autre par leur tige ..Lire la suite\" \/>\n<meta property=\"og:url\" content=\"https:\/\/www.foot.fr\/blog\/adidas-devoile-sa-nouvelle-predator-dediee-a-jude-bellingham\/\" \/>\n<meta property=\"og:site_name\" content=\"Blog Foot.fr\" \/>\n<meta property=\"article:author\" content=\"https:\/\/www.facebook.com\/boutique.foot.fr\/?locale=fr_FR\" \/>\n<meta property=\"article:published_time\" content=\"2025-05-02T12:11:40+00:00\" \/>\n<meta property=\"og:image\" content=\"https:\/\/www.foot.fr\/blog\/app\/uploads\/2025\/05\/IMG_2009.jpg\" \/>\n\t<meta property=\"og:image:width\" content=\"1170\" \/>\n\t<meta property=\"og:image:height\" content=\"1224\" \/>\n<meta name=\"twitter:card\" content=\"summary_large_image\" \/>\n<meta name=\"twitter:label1\" content=\"Est. reading time\">\n\t<meta name=\"twitter:data1\" content=\"1 minute\">\n<script type=\"application\/ld+json\" class=\"yoast-schema-graph\">{\"@context\":\"https:\/\/schema.org\",\"@graph\":[{\"@type\":\"Organization\",\"@id\":\"https:\/\/www.foot.fr\/blog\/#organization\",\"name\":\"Foot.fr\",\"url\":\"https:\/\/www.foot.fr\/blog\/\",\"sameAs\":[],\"logo\":{\"@type\":\"ImageObject\",\"@id\":\"https:\/\/www.foot.fr\/blog\/#logo\",\"inLanguage\":\"fr-FR\",\"url\":\"\",\"caption\":\"Foot.fr\"},\"image\":{\"@id\":\"https:\/\/www.foot.fr\/blog\/#logo\"}},{\"@type\":\"WebSite\",\"@id\":\"https:\/\/www.foot.fr\/blog\/#website\",\"url\":\"https:\/\/www.foot.fr\/blog\/\",\"name\":\"Blog Foot.fr\",\"description\":\"\",\"publisher\":{\"@id\":\"https:\/\/www.foot.fr\/blog\/#organization\"},\"potentialAction\":[{\"@type\":\"SearchAction\",\"target\":\"https:\/\/www.foot.fr\/blog\/?s={search_term_string}\",\"query-input\":\"required name=search_term_string\"}],\"inLanguage\":\"fr-FR\"},{\"@type\":\"ImageObject\",\"@id\":\"https:\/\/www.foot.fr\/blog\/adidas-devoile-sa-nouvelle-predator-dediee-a-jude-bellingham\/#primaryimage\",\"inLanguage\":\"fr-FR\",\"url\":\"https:\/\/www.foot.fr\/blog\/app\/uploads\/2025\/05\/IMG_2009.jpg\",\"width\":1170,\"height\":1224,\"caption\":\"adidas Predator FT Bellingham\"},{\"@type\":\"WebPage\",\"@id\":\"https:\/\/www.foot.fr\/blog\/adidas-devoile-sa-nouvelle-predator-dediee-a-jude-bellingham\/#webpage\",\"url\":\"https:\/\/www.foot.fr\/blog\/adidas-devoile-sa-nouvelle-predator-dediee-a-jude-bellingham\/\",\"name\":\"adidas d\\u00e9voile sa nouvelle Predator d\\u00e9di\\u00e9e \\u00e0 Jude Bellingham - Blog Foot.fr\",\"isPartOf\":{\"@id\":\"https:\/\/www.foot.fr\/blog\/#website\"},\"primaryImageOfPage\":{\"@id\":\"https:\/\/www.foot.fr\/blog\/adidas-devoile-sa-nouvelle-predator-dediee-a-jude-bellingham\/#primaryimage\"},\"datePublished\":\"2025-05-02T12:11:40+00:00\",\"dateModified\":\"2025-05-02T12:11:40+00:00\",\"breadcrumb\":{\"@id\":\"https:\/\/www.foot.fr\/blog\/adidas-devoile-sa-nouvelle-predator-dediee-a-jude-bellingham\/#breadcrumb\"},\"inLanguage\":\"fr-FR\",\"potentialAction\":[{\"@type\":\"ReadAction\",\"target\":[\"https:\/\/www.foot.fr\/blog\/adidas-devoile-sa-nouvelle-predator-dediee-a-jude-bellingham\/\"]}]},{\"@type\":\"BreadcrumbList\",\"@id\":\"https:\/\/www.foot.fr\/blog\/adidas-devoile-sa-nouvelle-predator-dediee-a-jude-bellingham\/#breadcrumb\",\"itemListElement\":[{\"@type\":\"ListItem\",\"position\":1,\"item\":{\"@type\":\"WebPage\",\"@id\":\"https:\/\/www.foot.fr\/blog\/\",\"url\":\"https:\/\/www.foot.fr\/blog\/\",\"name\":\"Home\"}},{\"@type\":\"ListItem\",\"position\":2,\"item\":{\"@type\":\"WebPage\",\"@id\":\"https:\/\/www.foot.fr\/blog\/adidas-devoile-sa-nouvelle-predator-dediee-a-jude-bellingham\/\",\"url\":\"https:\/\/www.foot.fr\/blog\/adidas-devoile-sa-nouvelle-predator-dediee-a-jude-bellingham\/\",\"name\":\"adidas d\\u00e9voile sa nouvelle Predator d\\u00e9di\\u00e9e \\u00e0 Jude Bellingham\"}}]},{\"@type\":\"Article\",\"@id\":\"https:\/\/www.foot.fr\/blog\/adidas-devoile-sa-nouvelle-predator-dediee-a-jude-bellingham\/#article\",\"isPartOf\":{\"@id\":\"https:\/\/www.foot.fr\/blog\/adidas-devoile-sa-nouvelle-predator-dediee-a-jude-bellingham\/#webpage\"},\"author\":{\"@id\":\"https:\/\/www.foot.fr\/blog\/#\/schema\/person\/1aada6e46ca4efb7f2965759fd1db1db\"},\"headline\":\"adidas d\\u00e9voile sa nouvelle Predator d\\u00e9di\\u00e9e \\u00e0 Jude Bellingham\",\"datePublished\":\"2025-05-02T12:11:40+00:00\",\"dateModified\":\"2025-05-02T12:11:40+00:00\",\"mainEntityOfPage\":{\"@id\":\"https:\/\/www.foot.fr\/blog\/adidas-devoile-sa-nouvelle-predator-dediee-a-jude-bellingham\/#webpage\"},\"publisher\":{\"@id\":\"https:\/\/www.foot.fr\/blog\/#organization\"},\"image\":{\"@id\":\"https:\/\/www.foot.fr\/blog\/adidas-devoile-sa-nouvelle-predator-dediee-a-jude-bellingham\/#primaryimage\"},\"articleSection\":\"Actualit\\u00e9\",\"inLanguage\":\"fr-FR\"},{\"@type\":\"Person\",\"@id\":\"https:\/\/www.foot.fr\/blog\/#\/schema\/person\/1aada6e46ca4efb7f2965759fd1db1db\",\"name\":\"Foot.fr\",\"image\":{\"@type\":\"ImageObject\",\"@id\":\"https:\/\/www.foot.fr\/blog\/#personlogo\",\"inLanguage\":\"fr-FR\",\"url\":\"https:\/\/secure.gravatar.com\/avatar\/1397efbb2ff1b78795c8964e6b255b93?s=96&d=mm&r=g\",\"caption\":\"Foot.fr\"},\"sameAs\":[\"https:\/\/www.foot.fr\",\"https:\/\/www.facebook.com\/boutique.foot.fr\/?locale=fr_FR\",\"https:\/\/www.instagram.com\/foot.fr\/?hl=fr\",\"https:\/\/www.youtube.com\/@FootFR\"]}]}<\/script>\n<!-- \/ Yoast SEO plugin. -->","_links":{"self":[{"href":"https:\/\/www.foot.fr\/blog\/wp-json\/wp\/v2\/posts\/1585"}],"collection":[{"href":"https:\/\/www.foot.fr\/blog\/wp-json\/wp\/v2\/posts"}],"about":[{"href":"https:\/\/www.foot.fr\/blog\/wp-json\/wp\/v2\/types\/post"}],"author":[{"embeddable":true,"href":"https:\/\/www.foot.fr\/blog\/wp-json\/wp\/v2\/users\/2"}],"replies":[{"embeddable":true,"href":"https:\/\/www.foot.fr\/blog\/wp-json\/wp\/v2\/comments?post=1585"}],"version-history":[{"count":1,"href":"https:\/\/www.foot.fr\/blog\/wp-json\/wp\/v2\/posts\/1585\/revisions"}],"predecessor-version":[{"id":1588,"href":"https:\/\/www.foot.fr\/blog\/wp-json\/wp\/v2\/posts\/1585\/revisions\/1588"}],"wp:featuredmedia":[{"embeddable":true,"href":"https:\/\/www.foot.fr\/blog\/wp-json\/wp\/v2\/media\/1587"}],"wp:attachment":[{"href":"https:\/\/www.foot.fr\/blog\/wp-json\/wp\/v2\/media?parent=1585"}],"wp:term":[{"taxonomy":"category","embeddable":true,"href":"https:\/\/www.foot.fr\/blog\/wp-json\/wp\/v2\/categories?post=1585"},{"taxonomy":"post_tag","embeddable":true,"href":"https:\/\/www.foot.fr\/blog\/wp-json\/wp\/v2\/tags?post=1585"}],"curies":[{"name":"wp","href":"https:\/\/api.w.org\/{rel}","templated":true}]}}