{"id":305,"date":"2018-11-20T10:09:53","date_gmt":"2018-11-20T09:09:53","guid":{"rendered":"https:\/\/blog.boutique.foot.fr\/?p=305"},"modified":"2020-12-30T15:21:07","modified_gmt":"2020-12-30T14:21:07","slug":"adidas-devoile-nouveau-pack-initiator","status":"publish","type":"post","link":"https:\/\/www.foot.fr\/blog\/adidas-devoile-nouveau-pack-initiator\/","title":{"rendered":"Adidas d\u00e9voile son nouveau pack Initiator !"},"content":{"rendered":"<p>&nbsp;<\/p>\n<p>Adidas lance ce mardi 20 novembre son nouveau pack Initiator, reprenant les 4 mod\u00e8les phares de la marque.<\/p>\n<p>&nbsp;<\/p>\n<p><em><strong>Une Copa in\u00e9dite<\/strong><\/em><\/p>\n<p>Longtemps en retrait par rapport \u00e0 ses cons\u0153urs, la nouvelle <strong>Copa 19<\/strong> est sans nul doute la star de ce nouveau pack. En effet, avec Paulo Dybala comme nouvel ambassadeur de ce mod\u00e8le historique, la Copa rentre dans une toute nouvelle dimension. V\u00eatue de blanc nacr\u00e9 et de rouge pale, elle a su se moderniser et se mettre au go\u00fbt du jour. Elle garde son cuir de kangourou historique.<\/p>\n<p>&nbsp;<\/p>\n<p><img loading=\"lazy\" class=\"aligncenter size-full wp-image-307\" src=\"https:\/\/blog.boutique.foot.fr\/app\/uploads\/2018\/11\/RS-adidas.jpg\" alt=\"Pack Initiator\" width=\"1202\" height=\"869\"><\/p>\n<p>&nbsp;<\/p>\n<p><em><strong>3 autres mod\u00e8les revisit\u00e9s<\/strong><\/em><\/p>\n<p>Les nouvelles <strong>Predator 19<\/strong> ne montrent pas de nouveaut\u00e9 majeure. Niveau design, ce mod\u00e8le reprend les grandes lignes des versions pr\u00e9c\u00e9dentes. Cette paire, port\u00e9e par Paul Pogba notamment, est presque enti\u00e8rement rouge, avec un talon et une semelle alliant rouge et noir. Les <strong>Nemeziz 18+<\/strong> restent elles aussi dans des couleurs \u00ab&nbsp;classiques&nbsp;\u00bb, alliant blanc nacr\u00e9, noir et rouge. Son syst\u00e8me de bandages \u00ab&nbsp;AgitliyBandage&nbsp;\u00bb est repris sur cette nouvelle version, afin d\u2019assurer un maintien parfait du pied. Enfin, ce sont les<strong> X 18+<\/strong> qui sont d\u00e9voil\u00e9s dans ce pack. Ici aussi le noir, le rouge et le blanc sont parfaitement associ\u00e9s et ce mod\u00e8le n\u2019est pas sans rappel\u00e9 une ancienne version de Predator qui avait eu un \u00e9norme succ\u00e8s. Gabriel Jesus (Manchester City) se dit d\u2019ores et d\u00e9j\u00e0 ravi de sa nouvelle paire. La sensation de l\u00e9g\u00e8ret\u00e9 est le gros point fort de ce mod\u00e8le.<\/p>\n<p>&nbsp;<\/p>\n<p><a href=\"https:\/\/boutique.foot.fr\/adidas-262\">Retrouvez les derniers mod\u00e8les de crampons Adidas sur Foot.fr !&nbsp;<\/a><\/p>\n<p>&nbsp;<\/p>\n<p>&nbsp;<\/p>\n","protected":false},"excerpt":{"rendered":"<p>&nbsp; Adidas lance ce mardi 20 novembre son nouveau pack Initiator, reprenant les 4 mod\u00e8les phares de la marque. &nbsp; Une Copa in\u00e9dite Longtemps en retrait par rapport \u00e0 ses cons\u0153urs, la nouvelle Copa 19 est sans nul doute la ..<\/p>\n<div class=\"reading\"><a href=\"https:\/\/www.foot.fr\/blog\/adidas-devoile-nouveau-pack-initiator\/\">Lire la suite<\/a><\/div>\n","protected":false},"author":2,"featured_media":965,"comment_status":"open","ping_status":"open","sticky":false,"template":"","format":"standard","meta":[],"categories":[1,7],"tags":[10,14,16,17,35,39,40],"yoast_head":"<!-- This site is optimized with the Yoast SEO plugin v15.9 - https:\/\/yoast.com\/wordpress\/plugins\/seo\/ -->\n<title>Adidas d\u00e9voile son nouveau pack Initiator ! - Blog Foot.fr<\/title>\n<meta name=\"robots\" content=\"index, follow, max-snippet:-1, max-image-preview:large, max-video-preview:-1\" \/>\n<link rel=\"canonical\" href=\"https:\/\/www.foot.fr\/blog\/adidas-devoile-nouveau-pack-initiator\/\" \/>\n<meta property=\"og:locale\" content=\"fr_FR\" \/>\n<meta property=\"og:type\" content=\"article\" \/>\n<meta property=\"og:title\" content=\"Adidas d\u00e9voile son nouveau pack Initiator ! - Blog Foot.fr\" \/>\n<meta property=\"og:description\" content=\"&nbsp; Adidas lance ce mardi 20 novembre son nouveau pack Initiator, reprenant les 4 mod\u00e8les phares de la marque. &nbsp; Une Copa in\u00e9dite Longtemps en retrait par rapport \u00e0 ses cons\u0153urs, la nouvelle Copa 19 est sans nul doute la ..Lire la suite\" \/>\n<meta property=\"og:url\" content=\"https:\/\/www.foot.fr\/blog\/adidas-devoile-nouveau-pack-initiator\/\" \/>\n<meta property=\"og:site_name\" content=\"Blog Foot.fr\" \/>\n<meta property=\"article:author\" content=\"https:\/\/www.facebook.com\/boutique.foot.fr\/?locale=fr_FR\" \/>\n<meta property=\"article:published_time\" content=\"2018-11-20T09:09:53+00:00\" \/>\n<meta property=\"article:modified_time\" content=\"2020-12-30T14:21:07+00:00\" \/>\n<meta property=\"og:image\" content=\"https:\/\/www.foot.fr\/blog\/app\/uploads\/2018\/11\/Slider-COPA.jpg\" \/>\n\t<meta property=\"og:image:width\" content=\"1963\" \/>\n\t<meta property=\"og:image:height\" content=\"480\" \/>\n<meta name=\"twitter:card\" content=\"summary_large_image\" \/>\n<meta name=\"twitter:label1\" content=\"Est. reading time\">\n\t<meta name=\"twitter:data1\" content=\"1 minute\">\n<script type=\"application\/ld+json\" class=\"yoast-schema-graph\">{\"@context\":\"https:\/\/schema.org\",\"@graph\":[{\"@type\":\"Organization\",\"@id\":\"https:\/\/www.foot.fr\/blog\/#organization\",\"name\":\"Foot.fr\",\"url\":\"https:\/\/www.foot.fr\/blog\/\",\"sameAs\":[],\"logo\":{\"@type\":\"ImageObject\",\"@id\":\"https:\/\/www.foot.fr\/blog\/#logo\",\"inLanguage\":\"fr-FR\",\"url\":\"\",\"caption\":\"Foot.fr\"},\"image\":{\"@id\":\"https:\/\/www.foot.fr\/blog\/#logo\"}},{\"@type\":\"WebSite\",\"@id\":\"https:\/\/www.foot.fr\/blog\/#website\",\"url\":\"https:\/\/www.foot.fr\/blog\/\",\"name\":\"Blog Foot.fr\",\"description\":\"\",\"publisher\":{\"@id\":\"https:\/\/www.foot.fr\/blog\/#organization\"},\"potentialAction\":[{\"@type\":\"SearchAction\",\"target\":\"https:\/\/www.foot.fr\/blog\/?s={search_term_string}\",\"query-input\":\"required name=search_term_string\"}],\"inLanguage\":\"fr-FR\"},{\"@type\":\"ImageObject\",\"@id\":\"https:\/\/www.foot.fr\/blog\/adidas-devoile-nouveau-pack-initiator\/#primaryimage\",\"inLanguage\":\"fr-FR\",\"url\":\"https:\/\/www.foot.fr\/blog\/app\/uploads\/2018\/11\/Slider-COPA.jpg\",\"width\":1963,\"height\":480,\"caption\":\"Pack Initiator\"},{\"@type\":\"WebPage\",\"@id\":\"https:\/\/www.foot.fr\/blog\/adidas-devoile-nouveau-pack-initiator\/#webpage\",\"url\":\"https:\/\/www.foot.fr\/blog\/adidas-devoile-nouveau-pack-initiator\/\",\"name\":\"Adidas d\\u00e9voile son nouveau pack Initiator ! - Blog Foot.fr\",\"isPartOf\":{\"@id\":\"https:\/\/www.foot.fr\/blog\/#website\"},\"primaryImageOfPage\":{\"@id\":\"https:\/\/www.foot.fr\/blog\/adidas-devoile-nouveau-pack-initiator\/#primaryimage\"},\"datePublished\":\"2018-11-20T09:09:53+00:00\",\"dateModified\":\"2020-12-30T14:21:07+00:00\",\"breadcrumb\":{\"@id\":\"https:\/\/www.foot.fr\/blog\/adidas-devoile-nouveau-pack-initiator\/#breadcrumb\"},\"inLanguage\":\"fr-FR\",\"potentialAction\":[{\"@type\":\"ReadAction\",\"target\":[\"https:\/\/www.foot.fr\/blog\/adidas-devoile-nouveau-pack-initiator\/\"]}]},{\"@type\":\"BreadcrumbList\",\"@id\":\"https:\/\/www.foot.fr\/blog\/adidas-devoile-nouveau-pack-initiator\/#breadcrumb\",\"itemListElement\":[{\"@type\":\"ListItem\",\"position\":1,\"item\":{\"@type\":\"WebPage\",\"@id\":\"https:\/\/www.foot.fr\/blog\/\",\"url\":\"https:\/\/www.foot.fr\/blog\/\",\"name\":\"Home\"}},{\"@type\":\"ListItem\",\"position\":2,\"item\":{\"@type\":\"WebPage\",\"@id\":\"https:\/\/www.foot.fr\/blog\/adidas-devoile-nouveau-pack-initiator\/\",\"url\":\"https:\/\/www.foot.fr\/blog\/adidas-devoile-nouveau-pack-initiator\/\",\"name\":\"Adidas d\\u00e9voile son nouveau pack Initiator !\"}}]},{\"@type\":\"Article\",\"@id\":\"https:\/\/www.foot.fr\/blog\/adidas-devoile-nouveau-pack-initiator\/#article\",\"isPartOf\":{\"@id\":\"https:\/\/www.foot.fr\/blog\/adidas-devoile-nouveau-pack-initiator\/#webpage\"},\"author\":{\"@id\":\"https:\/\/www.foot.fr\/blog\/#\/schema\/person\/1aada6e46ca4efb7f2965759fd1db1db\"},\"headline\":\"Adidas d\\u00e9voile son nouveau pack Initiator !\",\"datePublished\":\"2018-11-20T09:09:53+00:00\",\"dateModified\":\"2020-12-30T14:21:07+00:00\",\"mainEntityOfPage\":{\"@id\":\"https:\/\/www.foot.fr\/blog\/adidas-devoile-nouveau-pack-initiator\/#webpage\"},\"commentCount\":0,\"publisher\":{\"@id\":\"https:\/\/www.foot.fr\/blog\/#organization\"},\"image\":{\"@id\":\"https:\/\/www.foot.fr\/blog\/adidas-devoile-nouveau-pack-initiator\/#primaryimage\"},\"keywords\":\"adidas,chaussures,copa,crampons,nemeziz,pogba,predator\",\"articleSection\":\"Actualit\\u00e9,Chaussures Football\",\"inLanguage\":\"fr-FR\",\"potentialAction\":[{\"@type\":\"CommentAction\",\"name\":\"Comment\",\"target\":[\"https:\/\/www.foot.fr\/blog\/adidas-devoile-nouveau-pack-initiator\/#respond\"]}]},{\"@type\":\"Person\",\"@id\":\"https:\/\/www.foot.fr\/blog\/#\/schema\/person\/1aada6e46ca4efb7f2965759fd1db1db\",\"name\":\"Foot.fr\",\"image\":{\"@type\":\"ImageObject\",\"@id\":\"https:\/\/www.foot.fr\/blog\/#personlogo\",\"inLanguage\":\"fr-FR\",\"url\":\"https:\/\/secure.gravatar.com\/avatar\/1397efbb2ff1b78795c8964e6b255b93?s=96&d=mm&r=g\",\"caption\":\"Foot.fr\"},\"sameAs\":[\"https:\/\/www.foot.fr\",\"https:\/\/www.facebook.com\/boutique.foot.fr\/?locale=fr_FR\",\"https:\/\/www.instagram.com\/foot.fr\/?hl=fr\",\"https:\/\/www.youtube.com\/@FootFR\"]}]}<\/script>\n<!-- \/ Yoast SEO plugin. -->","_links":{"self":[{"href":"https:\/\/www.foot.fr\/blog\/wp-json\/wp\/v2\/posts\/305"}],"collection":[{"href":"https:\/\/www.foot.fr\/blog\/wp-json\/wp\/v2\/posts"}],"about":[{"href":"https:\/\/www.foot.fr\/blog\/wp-json\/wp\/v2\/types\/post"}],"author":[{"embeddable":true,"href":"https:\/\/www.foot.fr\/blog\/wp-json\/wp\/v2\/users\/2"}],"replies":[{"embeddable":true,"href":"https:\/\/www.foot.fr\/blog\/wp-json\/wp\/v2\/comments?post=305"}],"version-history":[{"count":1,"href":"https:\/\/www.foot.fr\/blog\/wp-json\/wp\/v2\/posts\/305\/revisions"}],"predecessor-version":[{"id":974,"href":"https:\/\/www.foot.fr\/blog\/wp-json\/wp\/v2\/posts\/305\/revisions\/974"}],"wp:featuredmedia":[{"embeddable":true,"href":"https:\/\/www.foot.fr\/blog\/wp-json\/wp\/v2\/media\/965"}],"wp:attachment":[{"href":"https:\/\/www.foot.fr\/blog\/wp-json\/wp\/v2\/media?parent=305"}],"wp:term":[{"taxonomy":"category","embeddable":true,"href":"https:\/\/www.foot.fr\/blog\/wp-json\/wp\/v2\/categories?post=305"},{"taxonomy":"post_tag","embeddable":true,"href":"https:\/\/www.foot.fr\/blog\/wp-json\/wp\/v2\/tags?post=305"}],"curies":[{"name":"wp","href":"https:\/\/api.w.org\/{rel}","templated":true}]}}