{"id":88,"date":"2016-06-29T16:15:26","date_gmt":"2016-06-29T14:15:26","guid":{"rendered":"http:\/\/blog.boutique.foot.fr\/?p=18"},"modified":"2020-12-30T15:21:26","modified_gmt":"2020-12-30T14:21:26","slug":"lancement-boutique-foot","status":"publish","type":"post","link":"https:\/\/www.foot.fr\/blog\/lancement-boutique-foot\/","title":{"rendered":"Rendez-vous le 1er juillet pour le lancement de la boutique !"},"content":{"rendered":"<p>Venez d\u00e9couvrir votre nouvelle boutique en ligne sp\u00e9cialis\u00e9e dans la vente de maillots de football mais pas que !<\/p>\n<p>Nous avons s\u00e9lectionn\u00e9 pour vous de nombreux v\u00eatements sportswear comme des surv\u00eatements, t-shirts, polos et autres accessoires comme les casquettes, \u00e9charpes ou chaussettes.<\/p>\n<p>Si vous vous pratiquez le football consultez notre rubrique \u00e9quipement. Vous y d\u00e9couvrirez tout l\u2019\u00e9quipement pour la pratique du football en ext\u00e9rieur comme en salle : chaussures, ballons, prot\u00e8ge tibias\u2026<\/p>\n<p>Nous vous donnons rendez-vous le 1er juillet sur la boutique Foot.fr<\/p>\n","protected":false},"excerpt":{"rendered":"<p>Venez d\u00e9couvrir votre nouvelle boutique en ligne sp\u00e9cialis\u00e9e dans la vente de maillots de football mais pas que ! Nous avons s\u00e9lectionn\u00e9 pour vous de nombreux v\u00eatements sportswear comme des surv\u00eatements, t-shirts, polos et autres accessoires comme les casquettes, \u00e9charpes ..<\/p>\n<div class=\"reading\"><a href=\"https:\/\/www.foot.fr\/blog\/lancement-boutique-foot\/\">Lire la suite<\/a><\/div>\n","protected":false},"author":2,"featured_media":995,"comment_status":"open","ping_status":"open","sticky":false,"template":"","format":"standard","meta":[],"categories":[1],"tags":[],"yoast_head":"<!-- This site is optimized with the Yoast SEO plugin v15.9 - https:\/\/yoast.com\/wordpress\/plugins\/seo\/ -->\n<title>Rendez-vous le 1er juillet pour le lancement de la boutique ! - Blog Foot.fr<\/title>\n<meta name=\"robots\" content=\"index, follow, max-snippet:-1, max-image-preview:large, max-video-preview:-1\" \/>\n<link rel=\"canonical\" href=\"https:\/\/www.foot.fr\/blog\/lancement-boutique-foot\/\" \/>\n<meta property=\"og:locale\" content=\"fr_FR\" \/>\n<meta property=\"og:type\" content=\"article\" \/>\n<meta property=\"og:title\" content=\"Rendez-vous le 1er juillet pour le lancement de la boutique ! - Blog Foot.fr\" \/>\n<meta property=\"og:description\" content=\"Venez d\u00e9couvrir votre nouvelle boutique en ligne sp\u00e9cialis\u00e9e dans la vente de maillots de football mais pas que ! Nous avons s\u00e9lectionn\u00e9 pour vous de nombreux v\u00eatements sportswear comme des surv\u00eatements, t-shirts, polos et autres accessoires comme les casquettes, \u00e9charpes ..Lire la suite\" \/>\n<meta property=\"og:url\" content=\"https:\/\/www.foot.fr\/blog\/lancement-boutique-foot\/\" \/>\n<meta property=\"og:site_name\" content=\"Blog Foot.fr\" \/>\n<meta property=\"article:author\" content=\"https:\/\/www.facebook.com\/boutique.foot.fr\/?locale=fr_FR\" \/>\n<meta property=\"article:published_time\" content=\"2016-06-29T14:15:26+00:00\" \/>\n<meta property=\"article:modified_time\" content=\"2020-12-30T14:21:26+00:00\" \/>\n<meta property=\"og:image\" content=\"https:\/\/www.foot.fr\/blog\/app\/uploads\/2016\/06\/1-juillet.jpg\" \/>\n\t<meta property=\"og:image:width\" content=\"734\" \/>\n\t<meta property=\"og:image:height\" content=\"300\" \/>\n<meta name=\"twitter:card\" content=\"summary_large_image\" \/>\n<script type=\"application\/ld+json\" class=\"yoast-schema-graph\">{\"@context\":\"https:\/\/schema.org\",\"@graph\":[{\"@type\":\"Organization\",\"@id\":\"https:\/\/www.foot.fr\/blog\/#organization\",\"name\":\"Foot.fr\",\"url\":\"https:\/\/www.foot.fr\/blog\/\",\"sameAs\":[],\"logo\":{\"@type\":\"ImageObject\",\"@id\":\"https:\/\/www.foot.fr\/blog\/#logo\",\"inLanguage\":\"fr-FR\",\"url\":\"\",\"caption\":\"Foot.fr\"},\"image\":{\"@id\":\"https:\/\/www.foot.fr\/blog\/#logo\"}},{\"@type\":\"WebSite\",\"@id\":\"https:\/\/www.foot.fr\/blog\/#website\",\"url\":\"https:\/\/www.foot.fr\/blog\/\",\"name\":\"Blog Foot.fr\",\"description\":\"\",\"publisher\":{\"@id\":\"https:\/\/www.foot.fr\/blog\/#organization\"},\"potentialAction\":[{\"@type\":\"SearchAction\",\"target\":\"https:\/\/www.foot.fr\/blog\/?s={search_term_string}\",\"query-input\":\"required name=search_term_string\"}],\"inLanguage\":\"fr-FR\"},{\"@type\":\"ImageObject\",\"@id\":\"https:\/\/www.foot.fr\/blog\/lancement-boutique-foot\/#primaryimage\",\"inLanguage\":\"fr-FR\",\"url\":\"https:\/\/www.foot.fr\/blog\/app\/uploads\/2016\/06\/1-juillet.jpg\",\"width\":734,\"height\":300,\"caption\":\"Lancement le 1er juillet\"},{\"@type\":\"WebPage\",\"@id\":\"https:\/\/www.foot.fr\/blog\/lancement-boutique-foot\/#webpage\",\"url\":\"https:\/\/www.foot.fr\/blog\/lancement-boutique-foot\/\",\"name\":\"Rendez-vous le 1er juillet pour le lancement de la boutique ! - Blog Foot.fr\",\"isPartOf\":{\"@id\":\"https:\/\/www.foot.fr\/blog\/#website\"},\"primaryImageOfPage\":{\"@id\":\"https:\/\/www.foot.fr\/blog\/lancement-boutique-foot\/#primaryimage\"},\"datePublished\":\"2016-06-29T14:15:26+00:00\",\"dateModified\":\"2020-12-30T14:21:26+00:00\",\"breadcrumb\":{\"@id\":\"https:\/\/www.foot.fr\/blog\/lancement-boutique-foot\/#breadcrumb\"},\"inLanguage\":\"fr-FR\",\"potentialAction\":[{\"@type\":\"ReadAction\",\"target\":[\"https:\/\/www.foot.fr\/blog\/lancement-boutique-foot\/\"]}]},{\"@type\":\"BreadcrumbList\",\"@id\":\"https:\/\/www.foot.fr\/blog\/lancement-boutique-foot\/#breadcrumb\",\"itemListElement\":[{\"@type\":\"ListItem\",\"position\":1,\"item\":{\"@type\":\"WebPage\",\"@id\":\"https:\/\/www.foot.fr\/blog\/\",\"url\":\"https:\/\/www.foot.fr\/blog\/\",\"name\":\"Home\"}},{\"@type\":\"ListItem\",\"position\":2,\"item\":{\"@type\":\"WebPage\",\"@id\":\"https:\/\/www.foot.fr\/blog\/lancement-boutique-foot\/\",\"url\":\"https:\/\/www.foot.fr\/blog\/lancement-boutique-foot\/\",\"name\":\"Rendez-vous le 1er juillet pour le lancement de la boutique !\"}}]},{\"@type\":\"Article\",\"@id\":\"https:\/\/www.foot.fr\/blog\/lancement-boutique-foot\/#article\",\"isPartOf\":{\"@id\":\"https:\/\/www.foot.fr\/blog\/lancement-boutique-foot\/#webpage\"},\"author\":{\"@id\":\"https:\/\/www.foot.fr\/blog\/#\/schema\/person\/1aada6e46ca4efb7f2965759fd1db1db\"},\"headline\":\"Rendez-vous le 1er juillet pour le lancement de la boutique !\",\"datePublished\":\"2016-06-29T14:15:26+00:00\",\"dateModified\":\"2020-12-30T14:21:26+00:00\",\"mainEntityOfPage\":{\"@id\":\"https:\/\/www.foot.fr\/blog\/lancement-boutique-foot\/#webpage\"},\"commentCount\":0,\"publisher\":{\"@id\":\"https:\/\/www.foot.fr\/blog\/#organization\"},\"image\":{\"@id\":\"https:\/\/www.foot.fr\/blog\/lancement-boutique-foot\/#primaryimage\"},\"articleSection\":\"Actualit\\u00e9\",\"inLanguage\":\"fr-FR\",\"potentialAction\":[{\"@type\":\"CommentAction\",\"name\":\"Comment\",\"target\":[\"https:\/\/www.foot.fr\/blog\/lancement-boutique-foot\/#respond\"]}]},{\"@type\":\"Person\",\"@id\":\"https:\/\/www.foot.fr\/blog\/#\/schema\/person\/1aada6e46ca4efb7f2965759fd1db1db\",\"name\":\"Foot.fr\",\"image\":{\"@type\":\"ImageObject\",\"@id\":\"https:\/\/www.foot.fr\/blog\/#personlogo\",\"inLanguage\":\"fr-FR\",\"url\":\"https:\/\/secure.gravatar.com\/avatar\/1397efbb2ff1b78795c8964e6b255b93?s=96&d=mm&r=g\",\"caption\":\"Foot.fr\"},\"sameAs\":[\"https:\/\/www.foot.fr\",\"https:\/\/www.facebook.com\/boutique.foot.fr\/?locale=fr_FR\",\"https:\/\/www.instagram.com\/foot.fr\/?hl=fr\",\"https:\/\/www.youtube.com\/@FootFR\"]}]}<\/script>\n<!-- \/ Yoast SEO plugin. -->","_links":{"self":[{"href":"https:\/\/www.foot.fr\/blog\/wp-json\/wp\/v2\/posts\/88"}],"collection":[{"href":"https:\/\/www.foot.fr\/blog\/wp-json\/wp\/v2\/posts"}],"about":[{"href":"https:\/\/www.foot.fr\/blog\/wp-json\/wp\/v2\/types\/post"}],"author":[{"embeddable":true,"href":"https:\/\/www.foot.fr\/blog\/wp-json\/wp\/v2\/users\/2"}],"replies":[{"embeddable":true,"href":"https:\/\/www.foot.fr\/blog\/wp-json\/wp\/v2\/comments?post=88"}],"version-history":[{"count":1,"href":"https:\/\/www.foot.fr\/blog\/wp-json\/wp\/v2\/posts\/88\/revisions"}],"predecessor-version":[{"id":996,"href":"https:\/\/www.foot.fr\/blog\/wp-json\/wp\/v2\/posts\/88\/revisions\/996"}],"wp:featuredmedia":[{"embeddable":true,"href":"https:\/\/www.foot.fr\/blog\/wp-json\/wp\/v2\/media\/995"}],"wp:attachment":[{"href":"https:\/\/www.foot.fr\/blog\/wp-json\/wp\/v2\/media?parent=88"}],"wp:term":[{"taxonomy":"category","embeddable":true,"href":"https:\/\/www.foot.fr\/blog\/wp-json\/wp\/v2\/categories?post=88"},{"taxonomy":"post_tag","embeddable":true,"href":"https:\/\/www.foot.fr\/blog\/wp-json\/wp\/v2\/tags?post=88"}],"curies":[{"name":"wp","href":"https:\/\/api.w.org\/{rel}","templated":true}]}}