{"id":91,"date":"2016-10-03T20:37:39","date_gmt":"2016-10-03T18:37:39","guid":{"rendered":"http:\/\/blog.boutique.foot.fr\/?p=71"},"modified":"2020-12-30T15:21:25","modified_gmt":"2020-12-30T14:21:25","slug":"maillot-third-fc-barcelone","status":"publish","type":"post","link":"https:\/\/www.foot.fr\/blog\/maillot-third-fc-barcelone\/","title":{"rendered":"Le Maillot Third du FC Barcelone en vente le 1er Novembre"},"content":{"rendered":"<p>Alors que la plupart des clubs europ\u00e9ens ont d\u00e9j\u00e0 d\u00e9voil\u00e9 la tenue Third qu&rsquo;ils porteront cette ann\u00e9e, le FC Barcelone a pr\u00e9sent\u00e9 sa tunique tant attendue par les supporters. Ce maillot s&rsquo;inscrit donc dans la continuit\u00e9 de ce que Nike a d\u00e9j\u00e0 propos\u00e9 cette saison pour toutes ses tenues Third. A savoir un maillot avec une couleur unie plus clair et la pr\u00e9sence de rayures horizontales qui forment un d\u00e9grad\u00e9 de haut en bas du maillot.<\/p>\n<p><img loading=\"lazy\" class=\"aligncenter wp-image-72 \" src=\"https:\/\/blog.boutique.foot.fr\/app\/uploads\/2016\/10\/Fa16_CK_Comms_3RD_Crest_Match_FCB_rectangle_1600.jpg\" alt=\"fa16_ck_comms_3rd_crest_match_fcb_rectangle_1600\" width=\"787\" height=\"563\" \/><\/p>\n<p>B\u00e9n\u00e9ficiant de la technologie AeroSwift, qui garantie un a\u00e9rodynamisme optimal et une ventilation sup\u00e9rieure, ce surprenant maillot semble d\u00e9j\u00e0 avoir \u00e9t\u00e9 adopt\u00e9 par les supporters blaugrana. En comparaison \u00e0 celui de l&rsquo;ann\u00e9e derni\u00e8re, les couleurs sont une nouvelle fois tr\u00e8s p\u00e9tillantes mais le bleu ciel a laiss\u00e9 place \u00e0 un vert vif qui attire l\u2019\u0153il. Les joueurs Barcelonais ont d&rsquo;ailleurs pu porter cette nouvelle tunique lors du match les opposant au\u00a0Borussia M\u00f6nchengladbach qui s&rsquo;est sold\u00e9 par une victoire 1-2 \u00e0 l&rsquo;ext\u00e9rieur.<\/p>\n<p><img loading=\"lazy\" class=\"aligncenter wp-image-74 \" src=\"https:\/\/blog.boutique.foot.fr\/app\/uploads\/2016\/10\/borussia-monchengladbach-barcelona-champions-league_nb8kl4qfigqv10eo3bubii7yo.jpg\" alt=\"borussia-monchengladbach-barcelona-champions-league_nb8kl4qfigqv10eo3bubii7yo\" width=\"791\" height=\"445\" \/><\/p>\n<p>Cet \u00e9tonnant maillot qui sera port\u00e9 par les stars du club catalan pendant les matchs de Ligue des Champions \u00e0 l&rsquo;ext\u00e9rieur, sera officiellement en vente dans la plupart des boutiques en ligne notamment chez foot.fr dans la rubrique<a href=\"https:\/\/boutique.foot.fr\/fc-barcelone-585\"> FC Barcelone<\/a>\u00a0d\u00e8s le 1er novembre prochain. Ce d\u00e9calage de sorti par rapport aux autres maillots Third par Nike <a href=\"https:\/\/boutique.foot.fr\/psg\/maillot-psg-third-2016-2017-5188.html\">comme celui du PSG<\/a> s&rsquo;explique par des probl\u00e8mes de production. Si l&rsquo;\u00e9quipementier Am\u00e9ricain a \u00e9t\u00e9 capable de livrer des tenues pour ce dernier match de Ligue des Champions, ce maillot reste pour le moment introuvable dans le commerce, m\u00eame dans la boutique officielle du Bar\u00e7a ou chez Nike.<\/p>\n","protected":false},"excerpt":{"rendered":"<p>Alors que la plupart des clubs europ\u00e9ens ont d\u00e9j\u00e0 d\u00e9voil\u00e9 la tenue Third qu&rsquo;ils porteront cette ann\u00e9e, le FC Barcelone a pr\u00e9sent\u00e9 sa tunique tant attendue par les supporters. Ce maillot s&rsquo;inscrit donc dans la continuit\u00e9 de ce que Nike ..<\/p>\n<div class=\"reading\"><a href=\"https:\/\/www.foot.fr\/blog\/maillot-third-fc-barcelone\/\">Lire la suite<\/a><\/div>\n","protected":false},"author":2,"featured_media":73,"comment_status":"open","ping_status":"open","sticky":false,"template":"","format":"standard","meta":[],"categories":[4],"tags":[21,31,36],"yoast_head":"<!-- This site is optimized with the Yoast SEO plugin v15.9 - https:\/\/yoast.com\/wordpress\/plugins\/seo\/ -->\n<title>Le Maillot Third du FC Barcelone en vente le 1er Novembre - Blog Foot.fr<\/title>\n<meta name=\"robots\" content=\"index, follow, max-snippet:-1, max-image-preview:large, max-video-preview:-1\" \/>\n<link rel=\"canonical\" href=\"https:\/\/www.foot.fr\/blog\/maillot-third-fc-barcelone\/\" \/>\n<meta property=\"og:locale\" content=\"fr_FR\" \/>\n<meta property=\"og:type\" content=\"article\" \/>\n<meta property=\"og:title\" content=\"Le Maillot Third du FC Barcelone en vente le 1er Novembre - Blog Foot.fr\" \/>\n<meta property=\"og:description\" content=\"Alors que la plupart des clubs europ\u00e9ens ont d\u00e9j\u00e0 d\u00e9voil\u00e9 la tenue Third qu&rsquo;ils porteront cette ann\u00e9e, le FC Barcelone a pr\u00e9sent\u00e9 sa tunique tant attendue par les supporters. Ce maillot s&rsquo;inscrit donc dans la continuit\u00e9 de ce que Nike ..Lire la suite\" \/>\n<meta property=\"og:url\" content=\"https:\/\/www.foot.fr\/blog\/maillot-third-fc-barcelone\/\" \/>\n<meta property=\"og:site_name\" content=\"Blog Foot.fr\" \/>\n<meta property=\"article:author\" content=\"https:\/\/www.facebook.com\/boutique.foot.fr\/?locale=fr_FR\" \/>\n<meta property=\"article:published_time\" content=\"2016-10-03T18:37:39+00:00\" \/>\n<meta property=\"article:modified_time\" content=\"2020-12-30T14:21:25+00:00\" \/>\n<meta name=\"twitter:card\" content=\"summary_large_image\" \/>\n<meta name=\"twitter:label1\" content=\"Est. reading time\">\n\t<meta name=\"twitter:data1\" content=\"1 minute\">\n<script type=\"application\/ld+json\" class=\"yoast-schema-graph\">{\"@context\":\"https:\/\/schema.org\",\"@graph\":[{\"@type\":\"Organization\",\"@id\":\"https:\/\/www.foot.fr\/blog\/#organization\",\"name\":\"Foot.fr\",\"url\":\"https:\/\/www.foot.fr\/blog\/\",\"sameAs\":[],\"logo\":{\"@type\":\"ImageObject\",\"@id\":\"https:\/\/www.foot.fr\/blog\/#logo\",\"inLanguage\":\"fr-FR\",\"url\":\"\",\"caption\":\"Foot.fr\"},\"image\":{\"@id\":\"https:\/\/www.foot.fr\/blog\/#logo\"}},{\"@type\":\"WebSite\",\"@id\":\"https:\/\/www.foot.fr\/blog\/#website\",\"url\":\"https:\/\/www.foot.fr\/blog\/\",\"name\":\"Blog Foot.fr\",\"description\":\"\",\"publisher\":{\"@id\":\"https:\/\/www.foot.fr\/blog\/#organization\"},\"potentialAction\":[{\"@type\":\"SearchAction\",\"target\":\"https:\/\/www.foot.fr\/blog\/?s={search_term_string}\",\"query-input\":\"required name=search_term_string\"}],\"inLanguage\":\"fr-FR\"},{\"@type\":\"ImageObject\",\"@id\":\"https:\/\/www.foot.fr\/blog\/maillot-third-fc-barcelone\/#primaryimage\",\"inLanguage\":\"fr-FR\",\"url\":\"\"},{\"@type\":\"WebPage\",\"@id\":\"https:\/\/www.foot.fr\/blog\/maillot-third-fc-barcelone\/#webpage\",\"url\":\"https:\/\/www.foot.fr\/blog\/maillot-third-fc-barcelone\/\",\"name\":\"Le Maillot Third du FC Barcelone en vente le 1er Novembre - Blog Foot.fr\",\"isPartOf\":{\"@id\":\"https:\/\/www.foot.fr\/blog\/#website\"},\"primaryImageOfPage\":{\"@id\":\"https:\/\/www.foot.fr\/blog\/maillot-third-fc-barcelone\/#primaryimage\"},\"datePublished\":\"2016-10-03T18:37:39+00:00\",\"dateModified\":\"2020-12-30T14:21:25+00:00\",\"breadcrumb\":{\"@id\":\"https:\/\/www.foot.fr\/blog\/maillot-third-fc-barcelone\/#breadcrumb\"},\"inLanguage\":\"fr-FR\",\"potentialAction\":[{\"@type\":\"ReadAction\",\"target\":[\"https:\/\/www.foot.fr\/blog\/maillot-third-fc-barcelone\/\"]}]},{\"@type\":\"BreadcrumbList\",\"@id\":\"https:\/\/www.foot.fr\/blog\/maillot-third-fc-barcelone\/#breadcrumb\",\"itemListElement\":[{\"@type\":\"ListItem\",\"position\":1,\"item\":{\"@type\":\"WebPage\",\"@id\":\"https:\/\/www.foot.fr\/blog\/\",\"url\":\"https:\/\/www.foot.fr\/blog\/\",\"name\":\"Home\"}},{\"@type\":\"ListItem\",\"position\":2,\"item\":{\"@type\":\"WebPage\",\"@id\":\"https:\/\/www.foot.fr\/blog\/maillot-third-fc-barcelone\/\",\"url\":\"https:\/\/www.foot.fr\/blog\/maillot-third-fc-barcelone\/\",\"name\":\"Le Maillot Third du FC Barcelone en vente le 1er Novembre\"}}]},{\"@type\":\"Article\",\"@id\":\"https:\/\/www.foot.fr\/blog\/maillot-third-fc-barcelone\/#article\",\"isPartOf\":{\"@id\":\"https:\/\/www.foot.fr\/blog\/maillot-third-fc-barcelone\/#webpage\"},\"author\":{\"@id\":\"https:\/\/www.foot.fr\/blog\/#\/schema\/person\/1aada6e46ca4efb7f2965759fd1db1db\"},\"headline\":\"Le Maillot Third du FC Barcelone en vente le 1er Novembre\",\"datePublished\":\"2016-10-03T18:37:39+00:00\",\"dateModified\":\"2020-12-30T14:21:25+00:00\",\"mainEntityOfPage\":{\"@id\":\"https:\/\/www.foot.fr\/blog\/maillot-third-fc-barcelone\/#webpage\"},\"commentCount\":0,\"publisher\":{\"@id\":\"https:\/\/www.foot.fr\/blog\/#organization\"},\"image\":{\"@id\":\"https:\/\/www.foot.fr\/blog\/maillot-third-fc-barcelone\/#primaryimage\"},\"keywords\":\"FC Barcelone,Maillot third,Nike\",\"articleSection\":\"Maillots Football\",\"inLanguage\":\"fr-FR\",\"potentialAction\":[{\"@type\":\"CommentAction\",\"name\":\"Comment\",\"target\":[\"https:\/\/www.foot.fr\/blog\/maillot-third-fc-barcelone\/#respond\"]}]},{\"@type\":\"Person\",\"@id\":\"https:\/\/www.foot.fr\/blog\/#\/schema\/person\/1aada6e46ca4efb7f2965759fd1db1db\",\"name\":\"Foot.fr\",\"image\":{\"@type\":\"ImageObject\",\"@id\":\"https:\/\/www.foot.fr\/blog\/#personlogo\",\"inLanguage\":\"fr-FR\",\"url\":\"https:\/\/secure.gravatar.com\/avatar\/1397efbb2ff1b78795c8964e6b255b93?s=96&d=mm&r=g\",\"caption\":\"Foot.fr\"},\"sameAs\":[\"https:\/\/www.foot.fr\",\"https:\/\/www.facebook.com\/boutique.foot.fr\/?locale=fr_FR\",\"https:\/\/www.instagram.com\/foot.fr\/?hl=fr\",\"https:\/\/www.youtube.com\/@FootFR\"]}]}<\/script>\n<!-- \/ Yoast SEO plugin. -->","_links":{"self":[{"href":"https:\/\/www.foot.fr\/blog\/wp-json\/wp\/v2\/posts\/91"}],"collection":[{"href":"https:\/\/www.foot.fr\/blog\/wp-json\/wp\/v2\/posts"}],"about":[{"href":"https:\/\/www.foot.fr\/blog\/wp-json\/wp\/v2\/types\/post"}],"author":[{"embeddable":true,"href":"https:\/\/www.foot.fr\/blog\/wp-json\/wp\/v2\/users\/2"}],"replies":[{"embeddable":true,"href":"https:\/\/www.foot.fr\/blog\/wp-json\/wp\/v2\/comments?post=91"}],"version-history":[{"count":1,"href":"https:\/\/www.foot.fr\/blog\/wp-json\/wp\/v2\/posts\/91\/revisions"}],"predecessor-version":[{"id":1093,"href":"https:\/\/www.foot.fr\/blog\/wp-json\/wp\/v2\/posts\/91\/revisions\/1093"}],"wp:featuredmedia":[{"embeddable":true,"href":"https:\/\/www.foot.fr\/blog\/wp-json\/wp\/v2\/media\/73"}],"wp:attachment":[{"href":"https:\/\/www.foot.fr\/blog\/wp-json\/wp\/v2\/media?parent=91"}],"wp:term":[{"taxonomy":"category","embeddable":true,"href":"https:\/\/www.foot.fr\/blog\/wp-json\/wp\/v2\/categories?post=91"},{"taxonomy":"post_tag","embeddable":true,"href":"https:\/\/www.foot.fr\/blog\/wp-json\/wp\/v2\/tags?post=91"}],"curies":[{"name":"wp","href":"https:\/\/api.w.org\/{rel}","templated":true}]}}